{"id":64757,"date":"2023-05-10T04:10:05","date_gmt":"2023-05-10T12:10:05","guid":{"rendered":"https:\/\/cannabiscultivatornews.com\/home\/index.php\/2023\/05\/10\/colombian-marijuana-legalization-bill-approved-in-chamber-of-representatives-sending-it-to-senate-for-final-votes\/"},"modified":"2023-05-10T05:46:38","modified_gmt":"2023-05-10T13:46:38","slug":"colombian-marijuana-legalization-bill-approved-in-chamber-of-representatives-sending-it-to-senate-for-final-votes","status":"publish","type":"post","link":"https:\/\/cannabiscultivatornews.com\/home\/index.php\/2023\/05\/10\/colombian-marijuana-legalization-bill-approved-in-chamber-of-representatives-sending-it-to-senate-for-final-votes\/","title":{"rendered":"Colombian Marijuana Legalization Bill Approved In Chamber Of Representatives, Sending It To Senate For Final Votes"},"content":{"rendered":"<p><img loading=\"lazy\" src=\"https:\/\/cannabiscultivatornews.com\/home\/wp-content\/uploads\/2023\/05\/1f6a8-1.png\" width=\"72\" height=\"72\"> <\/p>\n<p>A bill to legalize marijuana in Colombia has officially passed the Chamber of Representatives and now heads to the Senate for the its final two hurdles before it\u2019s potentially sent to the president.<\/p>\n<p>Following a narrow, procedural vote last month, lawmakers took up the legislation again on Tuesday, approving it in the sixth of eight required debates in a 98-57 vote. Now it must go to a Senate committee and then pass on the floor of that chamber to be enacted.<\/p>\n<p>Colombia is \u201cready to take a step towards a new drug policy that abandons the failed paradigm of prohibition and opens the field for a policy guided by the guidelines of public health, the prevention of consumption and the guarantee of citizens\u2019 rights,\u201d the bill\u2019s sponsor, Rep. Juan Carlos Losada Vargas of the Liberal party, <a href=\"https:\/\/confidencialnoticias.com\/colombia\/opinion\/cannabis-de-uso-adulto-salvados-por-un-voto\/2023\/04\/30\/\" target=\"_blank\" rel=\"noopener\">said<\/a> in an op-ed last month.<\/p>\n<blockquote class=\"twitter-tweet\" data-width=\"550\" data-dnt=\"true\">\n<p lang=\"es\" dir=\"ltr\">Por ser Acto Legislativo requiere de 8 debates, vamos en el sexto.<br \/>Nos quedan 2 debates en <a href=\"https:\/\/twitter.com\/SenadoGovCo?ref_src=twsrc%5Etfw\" target=\"_blank\" rel=\"nofollow noopener\">@SenadoGovCo<\/a> que deben darse antes del 20 de junio.<\/p>\n<p>Estamos a muy poco de hacer historia.<a href=\"https:\/\/twitter.com\/hashtag\/EsHoraDeRegular?src=hash&amp;ref_src=twsrc%5Etfw\" target=\"_blank\" rel=\"nofollow noopener\">#EsHoraDeRegular<\/a> el <a href=\"https:\/\/twitter.com\/hashtag\/CannabisDeUsoAdulto?src=hash&amp;ref_src=twsrc%5Etfw\" target=\"_blank\" rel=\"nofollow noopener\">#CannabisDeUsoAdulto<\/a><a href=\"https:\/\/twitter.com\/hashtag\/LaMataNoMata?src=hash&amp;ref_src=twsrc%5Etfw\" target=\"_blank\" rel=\"nofollow noopener\">#LaMataNoMata<\/a> <a href=\"https:\/\/t.co\/ZIHWnXVIE5\" target=\"_blank\" rel=\"nofollow noopener\">pic.twitter.com\/ZIHWnXVIE5<\/a><\/p>\n<p>\u2014 Juan Carlos Losada (@JuanKarloslos) <a href=\"https:\/\/twitter.com\/JuanKarloslos\/status\/1656065382757588992?ref_src=twsrc%5Etfw\" target=\"_blank\" rel=\"nofollow noopener\">May 9, 2023<\/a><\/p>\n<\/blockquote>\n<p \/>\n<p>\u201cWe are very little away from starting to write a new history in the fight against drugs, at this point it is a matter of political will,\u201d he said. \u201cEvery vote is decisive.\u201d<\/p>\n<p>The Chamber and Senate passed different versions of legalization legislation last year, and <a href=\"https:\/\/www.marijuanamoment.net\/colombias-congress-agrees-to-final-marijuana-legalization-bill-which-key-senator-expects-to-be-enacted-by-june\/\" target=\"_blank\" rel=\"noopener\">the bodies moved to make the bills identical<\/a> in December. The\u00a0<a href=\"https:\/\/www.marijuanamoment.net\/colombian-senate-approves-marijuana-legalization-bill-bringing-country-closer-to-ending-prohibition\/\" target=\"_blank\" rel=\"noopener\">Senate overwhelmingly approved its version<\/a> of the bill that month after it received initial approval in the Chamber.<\/p>\n<p>As a proposed constitutional amendment, the proposal must go through the full legislative process in each chamber twice, in separate calendar years, in order to be enacted.<\/p>\n<p>The legalization\u00a0<a href=\"https:\/\/www.camara.gov.co\/cannabis-1\" target=\"_blank\" rel=\"noopener\">bill<\/a> would support \u201cthe right of the free development of the personality, allowing citizens to decide on the consumption of cannabis in a regulated legal framework,\u201d it says. And it would mitigate \u201carbitrary discriminatory or unequal treatment in front of the population that consumes.\u201d<\/p>\n<blockquote class=\"twitter-tweet\" data-width=\"550\" data-dnt=\"true\">\n<p lang=\"es\" dir=\"ltr\"><img src=\"https:\/\/cannabiscultivatornews.com\/home\/wp-content\/uploads\/2023\/05\/1f6a8.png\" alt=\"&#x1F6A8;\" class=\"wp-smiley\" style=\"height: 1em;max-height: 1em\" \/> Inicia la votaci\u00f3n del articulado de nuestro proyecto de <a href=\"https:\/\/twitter.com\/hashtag\/CannabisDeUsoAdulto?src=hash&amp;ref_src=twsrc%5Etfw\" target=\"_blank\" rel=\"nofollow noopener\">#CannabisDeUsoAdulto<\/a> en 6to debate en Plenaria <a href=\"https:\/\/twitter.com\/CamaraColombia?ref_src=twsrc%5Etfw\" target=\"_blank\" rel=\"nofollow noopener\">@CamaraColombia<\/a> .<\/p>\n<p>Necesitamos 95 votos para aprobarlo para as\u00ed seguir avanzando en su regulaci\u00f3n.<a href=\"https:\/\/twitter.com\/hashtag\/EsHoraDeRegular?src=hash&amp;ref_src=twsrc%5Etfw\" target=\"_blank\" rel=\"nofollow noopener\">#EsHoraDeRegular<\/a> <a href=\"https:\/\/twitter.com\/hashtag\/LaMataQueMata?src=hash&amp;ref_src=twsrc%5Etfw\" target=\"_blank\" rel=\"nofollow noopener\">#LaMataQueMata<\/a><\/p>\n<p>En vivo <a href=\"https:\/\/t.co\/XZ40u2vPEZ\" target=\"_blank\" rel=\"nofollow noopener\">https:\/\/t.co\/XZ40u2vPEZ<\/a> <a href=\"https:\/\/t.co\/e0IFJhYnGd\" target=\"_blank\" rel=\"nofollow noopener\">pic.twitter.com\/e0IFJhYnGd<\/a><\/p>\n<p>\u2014 Juan Carlos Losada (@JuanKarloslos) <a href=\"https:\/\/twitter.com\/JuanKarloslos\/status\/1656046144986726438?ref_src=twsrc%5Etfw\" target=\"_blank\" rel=\"nofollow noopener\">May 9, 2023<\/a><\/p>\n<\/blockquote>\n<p \/>\n<p>It also calls for public education campaigns and the promotion of substance misuse treatment services.<\/p>\n<p>At\u00a0<a href=\"https:\/\/www.marijuanamoment.net\/top-colombian-official-reaffirms-governments-support-for-marijuana-legalization-bill-scheduled-for-senate-vote-this-week\/\" target=\"_blank\" rel=\"noopener\">a public hearing in the Senate panel last year<\/a>, Justice Minister N\u00e9stor Osuna said that Colombia has been the victim of \u201ca failed war that was designed 50 years ago and, due to absurd prohibitionism, has brought us a lot of blood, armed conflict, mafias and crime.\u201d<\/p>\n<p>The Chamber of Representatives\u00a0<a href=\"https:\/\/www.marijuanamoment.net\/colombian-chamber-of-representatives-passes-marijuana-legalization-bill-in-initial-vote-with-support-from-cabinet-ministers\/\" target=\"_blank\" rel=\"noopener\">gave initial approval to the legalization bill<\/a> last year. The head of the Interior Ministry also spoke in favor of the reform proposal at the time. That vote came shortly after a congressional committee <a href=\"https:\/\/www.marijuanamoment.net\/colombian-lawmakers-approve-marijuana-legalization-bill-in-committee-as-president-pushes-for-global-drug-policy-reform\/\" target=\"_blank\" rel=\"noopener\">advanced this measure and a separate legalization bill<\/a>.<\/p>\n<p><strong>\u2014<br \/>\n<strong>Marijuana Moment is <a href=\"https:\/\/www.marijuanamoment.net\/bills\/\" target=\"_blank\" rel=\"noopener\">tracking more than 1,000 cannabis, psychedelics and drug policy bills<\/a> in state legislatures and Congress this year. <a href=\"https:\/\/www.patreon.com\/marijuanamoment\" target=\"_blank\" rel=\"noopener\">Patreon supporters<\/a> pledging at least $25\/month get access to our interactive maps, charts and hearing calendar so they don\u2019t miss any developments.<\/strong><br \/>\n<a href=\"https:\/\/www.marijuanamoment.net\/bills\/\" target=\"_blank\" rel=\"noopener\"><img loading=\"lazy\" class=\"alignnone wp-image-9128 size-medium\" src=\"https:\/\/cannabiscultivatornews.com\/home\/wp-content\/uploads\/2023\/05\/MM_Bill_Tracker_V5_blank-36.jpg\" alt=\"\" width=\"300\" height=\"300\" \/><\/a><br \/>\n<strong>Learn more about our <a href=\"https:\/\/www.marijuanamoment.net\/bills\/\" target=\"_blank\" rel=\"noopener\">marijuana bill tracker<\/a> and become a <a href=\"https:\/\/www.patreon.com\/marijuanamoment\/\" target=\"_blank\" rel=\"noopener\">supporter on Patreon<\/a> to get access.<br \/>\n\u2014<\/strong><\/strong><\/p>\n<p>President Gustavo Petro, a progressive who has been strongly advocating for an international end to drug criminalization since being inaugurated in August, has discussed the possible benefits of cannabis legalization.<\/p>\n<p>Last year, the president <a href=\"https:\/\/www.marijuanamoment.net\/colombias-president-tells-un-that-democracy-will-die-if-world-leaders-dont-end-drug-war-and-pursue-different-strategy\/\" target=\"_blank\" rel=\"noopener\">delivered a speech at a meeting of the United Nations (UN)<\/a>, urging member nations to fundamentally change their approaches to drug policy and disband with prohibition.<\/p>\n<p>Petro has also talked about <a href=\"https:\/\/www.marijuanamoment.net\/colombias-new-president-talks-up-marijuana-legalization-freeing-prisoners-and-exporting-cannabis-to-other-countries\/\" target=\"_blank\" rel=\"noopener\">the prospects of legalizing marijuana in Colombia<\/a>\u00a0as one means of reducing the influence of the illicit market.\u00a0And he signaled that the policy change should be followed by releasing people who are currently in prison over cannabis.<\/p>\n<p>He spoke about the economic potential of a legal cannabis industry, one where small towns in places like the Andes, Corinto and Miranda could stand to benefit from legal marijuana cultivation, possibly without any licensing requirements.<\/p>\n<p>The president also signaled that he\u2019d be interested in exploring the idea of \u200b\u200bexporting cannabis to other countries where the plant is legal.<\/p>\n<blockquote class=\"twitter-tweet\" data-width=\"550\" data-dnt=\"true\">\n<p lang=\"es\" dir=\"ltr\">En <a href=\"https:\/\/twitter.com\/hashtag\/PlenariaC%C3%A1mara?src=hash&amp;ref_src=twsrc%5Etfw\" target=\"_blank\" rel=\"nofollow noopener\">#PlenariaC\u00e1mara<\/a> ha sido aprobado en sexto debate el &#8220;Proyecto de Acto Legislativo por medio del cual se modifica el art\u00edculo 49 de la Constituci\u00f3n Pol\u00edtica de Colombia, se regulariza el Cannabis de uso adulto&#8221;, con 98 votos por el SI <a href=\"https:\/\/t.co\/JCEjxOUZGR\" target=\"_blank\" rel=\"nofollow noopener\">pic.twitter.com\/JCEjxOUZGR<\/a><\/p>\n<p>\u2014 C\u00e1mara de Representantes de Colombia (@CamaraColombia) <a href=\"https:\/\/twitter.com\/CamaraColombia\/status\/1656059094422151168?ref_src=twsrc%5Etfw\" target=\"_blank\" rel=\"nofollow noopener\">May 9, 2023<\/a><\/p>\n<\/blockquote>\n<p \/>\n<p>Petro met with the president of Mexico last year, and the pair announced that they will be bringing together other Latin American leaders for an international conference focused on on <a href=\"https:\/\/www.marijuanamoment.net\/colombian-and-mexican-presidents-announce-international-effort-to-reshape-drug-policy-condemning-failure-of-prohibition\/\" target=\"_blank\" rel=\"noopener\">\u201credesigning and rethinking drug policy\u201d<\/a>\u00a0given the \u201cfailure\u201d of prohibition. Mexican lawmakers are also pursuing national legalization.<\/p>\n<p>As a former member of Colombia\u2019s M-19 guerrilla group, Petro has seen the violent conflict between guerrilla fighters, narcoparamilitary groups and drug cartels that has been exacerbated by the government\u2019s aggressive approach to drug enforcement.<\/p>\n<p>According to the United Nations Office of Drug Control Policy (ONDCP), Colombia remains a chief exporter of cocaine,\u00a0\u00a0despite\u00a0\u00a0\u201cdrug supply reduction activities in Colombia, such as eradication of coca bush and destruction of laboratories.\u201d<\/p>\n<p>In 2020, Colombian legislators introduced a bill that would have regulated coca, the plant that is processed to produce cocaine, in an acknowledgment that the government\u2019s decades-long fight against the drug and its procedures have consistently failed.\u00a0That legislation cleared a committee, but it was ultimately shelved by the overall conservative legislature.<\/p>\n<p>Advocates are optimistic that such a proposal could advance under the Petro administration. The president hasn\u2019t taken a clear stance on the legislation itself, but he campaigned on legalizing marijuana and promoted the idea of \u200b\u200bcannabis as an alternative to cocaine.<\/p>\n<p>Former Colombia President Juan Manuel Santos has also been critical of the drug war and embraced reform. In an op-ed published before he left office, he criticized the United Nations and U.S. President Richard Nixon for their role in setting a drug war standard that has proven ineffective at best and counterproductive at worst.<\/p>\n<p>\u201cIt is time we talk about responsible government regulation, look for ways to cut off the drug mafias\u2019 air supply, and tackle the problems of drug use with greater resources for prevention, care and harm reduction with regard to public health and the social fabric,\u201d he said.<\/p>\n<p>\u201cThis reflection must be global in scope in order to be effective,\u201d Santos, who is a member of the pro-reform Global Commission on Drug Policy, said.\u00a0\u201cIt must also be broad, including participation not only of governments but also of academia and civil society.\u00a0It must reach beyond law enforcement and judicial authorities and involve experts in public health, economists and educators, among other disciplines.\u201d<\/p>\n<p>Meanwhile, a U.S. congressional delegation\u00a0<a href=\"https:\/\/www.marijuanamoment.net\/u-s-congressional-delegation-to-colombia-talks-marijuana-legalization-and-failed-american-policies-on-drugs\/\" target=\"_blank\" rel=\"noopener\">returned from a visit to Colombia<\/a> last year, and Rep. Earl Blumenauer (D-OR), who was part of the trip, told Marijuana Moment that one theme of his discussions with officials in the country was that the world has \u201clost the war on drugs.\u201d<\/p>\n<blockquote class=\"wp-embedded-content\" data-secret=\"9xngYvZcQn\">\n<p><a href=\"https:\/\/www.marijuanamoment.net\/washington-state-governor-signs-bill-to-protect-job-applicants-from-anti-marijuana-discrimination\/\" target=\"_blank\" rel=\"nofollow noopener\">Washington State Governor Signs Bill To Protect Job Applicants From Anti-Marijuana Discrimination<\/a><\/p>\n<\/blockquote>\n<p \/>\n<p><em>Image element courtesy of <a href=\"https:\/\/www.flickr.com\/photos\/pocius\/5520507272\" target=\"_blank\" rel=\"noopener\">Bryan Pocius<\/a>.<\/em><\/p>\n<p>The post <a rel=\"nofollow noopener\" href=\"https:\/\/www.marijuanamoment.net\/colombian-marijuana-legalization-bill-approved-in-chamber-of-representatives-sending-it-to-senate-for-final-votes\/\" target=\"_blank\">Colombian Marijuana Legalization Bill Approved In Chamber Of Representatives, Sending It To Senate For Final Votes<\/a> appeared first on <a rel=\"nofollow noopener\" href=\"https:\/\/www.marijuanamoment.net\" target=\"_blank\">Marijuana Moment<\/a>.<\/p>\n<p>&#013;<br \/>\n&#013;<br \/>\nRead More: <a href=\"https:\/\/www.marijuanamoment.net\/colombian-marijuana-legalization-bill-approved-in-chamber-of-representatives-sending-it-to-senate-for-final-votes\/\" target=\"_blank\" rel=\"nofollow noopener\">Colombian Marijuana Legalization Bill Approved In Chamber Of Representatives, Sending It To Senate For Final Votes<\/a><\/p>\n","protected":false},"excerpt":{"rendered":"<p>A bill to legalize marijuana in Colombia has officially passed the Chamber of Representatives and now heads to the Senate for the its final two hurdles before it\u2019s potentially sent to the president. Following a narrow, procedural vote last month, lawmakers took up the legislation again on Tuesday, approving it<span class=\"more-link\"><a href=\"https:\/\/cannabiscultivatornews.com\/home\/index.php\/2023\/05\/10\/colombian-marijuana-legalization-bill-approved-in-chamber-of-representatives-sending-it-to-senate-for-final-votes\/\">Continue Reading<\/a><\/span><\/p>\n","protected":false},"author":458,"featured_media":64758,"comment_status":"false","ping_status":"open","sticky":false,"template":"","format":"standard","meta":[],"categories":[18,81],"tags":[],"_links":{"self":[{"href":"https:\/\/cannabiscultivatornews.com\/home\/index.php\/wp-json\/wp\/v2\/posts\/64757"}],"collection":[{"href":"https:\/\/cannabiscultivatornews.com\/home\/index.php\/wp-json\/wp\/v2\/posts"}],"about":[{"href":"https:\/\/cannabiscultivatornews.com\/home\/index.php\/wp-json\/wp\/v2\/types\/post"}],"author":[{"embeddable":true,"href":"https:\/\/cannabiscultivatornews.com\/home\/index.php\/wp-json\/wp\/v2\/users\/458"}],"replies":[{"embeddable":true,"href":"https:\/\/cannabiscultivatornews.com\/home\/index.php\/wp-json\/wp\/v2\/comments?post=64757"}],"version-history":[{"count":1,"href":"https:\/\/cannabiscultivatornews.com\/home\/index.php\/wp-json\/wp\/v2\/posts\/64757\/revisions"}],"predecessor-version":[{"id":64759,"href":"https:\/\/cannabiscultivatornews.com\/home\/index.php\/wp-json\/wp\/v2\/posts\/64757\/revisions\/64759"}],"wp:featuredmedia":[{"embeddable":true,"href":"https:\/\/cannabiscultivatornews.com\/home\/index.php\/wp-json\/wp\/v2\/media\/64758"}],"wp:attachment":[{"href":"https:\/\/cannabiscultivatornews.com\/home\/index.php\/wp-json\/wp\/v2\/media?parent=64757"}],"wp:term":[{"taxonomy":"category","embeddable":true,"href":"https:\/\/cannabiscultivatornews.com\/home\/index.php\/wp-json\/wp\/v2\/categories?post=64757"},{"taxonomy":"post_tag","embeddable":true,"href":"https:\/\/cannabiscultivatornews.com\/home\/index.php\/wp-json\/wp\/v2\/tags?post=64757"}],"curies":[{"name":"wp","href":"https:\/\/api.w.org\/{rel}","templated":true}]}}