{"id":58404,"date":"2022-11-22T11:31:14","date_gmt":"2022-11-22T19:31:14","guid":{"rendered":"https:\/\/cannabiscultivatornews.com\/home\/index.php\/2022\/11\/22\/colombian-senators-approve-marijuana-legalization-bill\/"},"modified":"2022-11-22T17:45:43","modified_gmt":"2022-11-23T01:45:43","slug":"colombian-senators-approve-marijuana-legalization-bill","status":"publish","type":"post","link":"https:\/\/cannabiscultivatornews.com\/home\/index.php\/2022\/11\/22\/colombian-senators-approve-marijuana-legalization-bill\/","title":{"rendered":"Colombian Senators Approve Marijuana Legalization Bill"},"content":{"rendered":"<p><img loading=\"lazy\" src=\"https:\/\/cannabiscultivatornews.com\/home\/wp-content\/uploads\/2022\/11\/1f6a8-1.png\" width=\"72\" height=\"72\"> <\/p>\n<p>A bill to legalize marijuana in Colombia has been approved in a Senate committee for the first time, weeks after it also advanced in the country\u2019s Chamber of Representatives.<\/p>\n<p>Lawmakers have met several times in recent weeks to debate the reform proposal, which would amend the country\u2019s Constitution to end cannabis prohibition for adults.<\/p>\n<p>It passed the First Committee of the Senate on Tuesday by a vote of 11-4, though there are still more legislative steps that must be taken before it\u2019s potentially enacted into law.<\/p>\n<blockquote class=\"twitter-tweet\" data-width=\"550\" data-dnt=\"true\">\n<p lang=\"es\" dir=\"ltr\"><img src=\"https:\/\/cannabiscultivatornews.com\/home\/wp-content\/uploads\/2022\/11\/1f6a8.png\" alt=\"&#x1F6A8;\" class=\"wp-smiley\" style=\"height: 1em;max-height: 1em\" \/>Seguimos avanzando en el cambio de paradigma sobre la pol\u00edtica de drogas. <\/p>\n<p>Por primera vez nuestro proyecto para regular el <a href=\"https:\/\/twitter.com\/hashtag\/CannabisDeUsoAdulto?src=hash&amp;ref_src=twsrc%5Etfw\" target=\"_blank\" rel=\"nofollow noopener\">#CannabisDeUsoAdulto<\/a> avanza en Senado. <\/p>\n<p>Con el liderazgo de <a href=\"https:\/\/twitter.com\/PizarroMariaJo?ref_src=twsrc%5Etfw\" target=\"_blank\" rel=\"nofollow noopener\">@PizarroMariaJo<\/a> hoy la <a href=\"https:\/\/twitter.com\/PrimeraSenado?ref_src=twsrc%5Etfw\" target=\"_blank\" rel=\"nofollow noopener\">@PrimeraSenado<\/a> lo aprob\u00f3 en tercer debate.<\/p>\n<p>Es <a href=\"https:\/\/twitter.com\/hashtag\/HoraDeRegular?src=hash&amp;ref_src=twsrc%5Etfw\" target=\"_blank\" rel=\"nofollow noopener\">#HoraDeRegular<\/a> <img src=\"https:\/\/cannabiscultivatornews.com\/home\/wp-content\/uploads\/2022\/11\/1f4aa-1f3fc.png\" alt=\"&#x1F4AA;&#x1F3FC;\" class=\"wp-smiley\" style=\"height: 1em;max-height: 1em\" \/> <a href=\"https:\/\/t.co\/xqSdnWRjAd\" target=\"_blank\" rel=\"nofollow noopener\">pic.twitter.com\/xqSdnWRjAd<\/a><\/p>\n<p>\u2014 Juan Carlos Losada (@JuanKarloslos) <a href=\"https:\/\/twitter.com\/JuanKarloslos\/status\/1595127833709666305?ref_src=twsrc%5Etfw\" target=\"_blank\" rel=\"nofollow noopener\">November 22, 2022<\/a><\/p>\n<\/blockquote>\n<p \/>\n<p>\u201cWe continue to advance in the paradigm shift on drug policy,\u201d Rep. Juan Carlos Losada, the bill\u2019s sponsor, said following the vote, according to a translation.<\/p>\n<blockquote class=\"twitter-tweet\" data-width=\"550\" data-dnt=\"true\">\n<p lang=\"es\" dir=\"ltr\"><a href=\"https:\/\/twitter.com\/hashtag\/Comisi%C3%B3nI?src=hash&amp;ref_src=twsrc%5Etfw\" target=\"_blank\" rel=\"nofollow noopener\">#Comisi\u00f3nI<\/a> | <img src=\"https:\/\/cannabiscultivatornews.com\/home\/wp-content\/uploads\/2022\/11\/1f4c3.png\" alt=\"&#x1F4C3;\" class=\"wp-smiley\" style=\"height: 1em;max-height: 1em\" \/><img src=\"https:\/\/cannabiscultivatornews.com\/home\/wp-content\/uploads\/2022\/11\/2705-4.png\" alt=\"&#x2705;\" class=\"wp-smiley\" style=\"height: 1em;max-height: 1em\" \/> | Fue APROBADO en primer debate el PAL No. 033\/2022 Senado \u2013 002\/2022 C\u00e1mara, por medio del cual se modifica el art\u00edculo 49 de la Constituci\u00f3n Pol\u00edtica de Colombia, se regulariza el cannabis de uso adulto.<\/p>\n<p>Finaliza sesi\u00f3n y se cita para ma\u00f1ana a las 10:00 a.m. <a href=\"https:\/\/t.co\/zDvuayAVXj\" target=\"_blank\" rel=\"nofollow noopener\">pic.twitter.com\/zDvuayAVXj<\/a><\/p>\n<p>\u2014 Senado de la Rep\u00fablica <img src=\"https:\/\/cannabiscultivatornews.com\/home\/wp-content\/uploads\/2022\/11\/1f1e8-1f1f4-2.png\" alt=\"&#x1F1E8;&#x1F1F4;\" class=\"wp-smiley\" style=\"height: 1em;max-height: 1em\" \/> (@SenadoGovCo) <a href=\"https:\/\/twitter.com\/SenadoGovCo\/status\/1595130682833244161?ref_src=twsrc%5Etfw\" target=\"_blank\" rel=\"nofollow noopener\">November 22, 2022<\/a><\/p>\n<\/blockquote>\n<p \/>\n<p>At <a href=\"https:\/\/www.marijuanamoment.net\/top-colombian-official-reaffirms-governments-support-for-marijuana-legalization-bill-scheduled-for-senate-vote-this-week\/\" target=\"_blank\" rel=\"noopener\">a public hearing in the Senate panel on Monday<\/a>, Justice Minister N\u00e9stor Osuna said that Colombia has been the victim of \u201ca failed war that was designed 50 years ago and, due to absurd prohibitionism, has brought us a lot of blood, armed conflict, mafias and crime.\u201d<\/p>\n<p>\u201cThe national government supports this draft legislative act for the adult use of cannabis,\u201d he said. \u201cWe believe that it is very important that this step be taken towards a responsible market\u2014a responsible regulation that allows us to overcome this prohibitionist atmosphere.\u201d<\/p>\n<blockquote class=\"twitter-tweet\" data-width=\"550\" data-dnt=\"true\">\n<p lang=\"es\" dir=\"ltr\">Atenci\u00f3n! <\/p>\n<p>Acabamos de aprobar en la Comisi\u00f3n <a href=\"https:\/\/twitter.com\/PrimeraSenado?ref_src=twsrc%5Etfw\" target=\"_blank\" rel=\"nofollow noopener\">@PrimeraSenado<\/a> el acto legislativo que busca regularizar el <a href=\"https:\/\/twitter.com\/hashtag\/CannabisDeUsoAdulto?src=hash&amp;ref_src=twsrc%5Etfw\" target=\"_blank\" rel=\"nofollow noopener\">#CannabisDeUsoAdulto<\/a>. Por primera vez esta iniciativa pasa a 4to debate. Colombia avanza en una nueva pol\u00edtica de drogas. <a href=\"https:\/\/twitter.com\/hashtag\/EsHoraDeRegular?src=hash&amp;ref_src=twsrc%5Etfw\" target=\"_blank\" rel=\"nofollow noopener\">#EsHoraDeRegular<\/a> <a href=\"https:\/\/twitter.com\/JuanKarloslos?ref_src=twsrc%5Etfw\" target=\"_blank\" rel=\"nofollow noopener\">@JuanKarloslos<\/a> <\/p>\n<p><img src=\"https:\/\/cannabiscultivatornews.com\/home\/wp-content\/uploads\/2022\/11\/1f5f3.png\" alt=\"&#x1F5F3;\" class=\"wp-smiley\" style=\"height: 1em;max-height: 1em\" \/>S\u00ed 11<br \/><img src=\"https:\/\/cannabiscultivatornews.com\/home\/wp-content\/uploads\/2022\/11\/1f5f3-1.png\" alt=\"&#x1F5F3;\" class=\"wp-smiley\" style=\"height: 1em;max-height: 1em\" \/>No 4 <a href=\"https:\/\/t.co\/5YKQSkrSHQ\" target=\"_blank\" rel=\"nofollow noopener\">pic.twitter.com\/5YKQSkrSHQ<\/a><\/p>\n<p>\u2014 Mar\u00eda Jos\u00e9 Pizarro Rodr\u00edguez (@PizarroMariaJo) <a href=\"https:\/\/twitter.com\/PizarroMariaJo\/status\/1595136429738590209?ref_src=twsrc%5Etfw\" target=\"_blank\" rel=\"nofollow noopener\">November 22, 2022<\/a><\/p>\n<\/blockquote>\n<p \/>\n<p>The proposed constitutional amendment contemplates the public health and economic impacts of legalization, as well as the ideological principle of individual autonomy. If enacted, officials would have six months to promulgate rules for the adult-use market.<\/p>\n<blockquote class=\"twitter-tweet\" data-width=\"550\" data-dnt=\"true\">\n<p lang=\"es\" dir=\"ltr\">Sigue el debate sobre la regularizaci\u00f3n del <a href=\"https:\/\/twitter.com\/hashtag\/CannabisDeUsoAdulto?src=hash&amp;ref_src=twsrc%5Etfw\" target=\"_blank\" rel=\"nofollow noopener\">#CannabisDeUsoAdulto<\/a> en la Comisi\u00f3n <a href=\"https:\/\/twitter.com\/PrimeraSenado?ref_src=twsrc%5Etfw\" target=\"_blank\" rel=\"nofollow noopener\">@PrimeraSenado<\/a> <a href=\"https:\/\/t.co\/BKC2u38kWO\" target=\"_blank\" rel=\"nofollow noopener\">https:\/\/t.co\/BKC2u38kWO<\/a><\/p>\n<p>\u2014 Mar\u00eda Jos\u00e9 Pizarro Rodr\u00edguez (@PizarroMariaJo) <a href=\"https:\/\/twitter.com\/PizarroMariaJo\/status\/1595115052306423808?ref_src=twsrc%5Etfw\" target=\"_blank\" rel=\"nofollow noopener\">November 22, 2022<\/a><\/p>\n<\/blockquote>\n<p \/>\n<p>A supplementary legislative analysis provides background on the history of cannabis policy in Colombia, while also describing reform developments in other countries such as Mexico and the United States.<\/p>\n<p>The legalization\u00a0<a href=\"https:\/\/www.camara.gov.co\/cannabis-1\" target=\"_blank\" rel=\"noopener\">bill<\/a>\u00a0would support \u201cthe right of the free development of the personality, allowing citizens to decide on the consumption of cannabis in a regulated legal framework,\u201d it says. And it would mitigate \u201carbitrary discriminatory or unequal treatment in front of the population that consumes.\u201d<\/p>\n<p>The bill will restrict possession and public consumption at schools and certain public spaces. It also calls for public education campaigns and the promotion of substance misuse treatment services.<\/p>\n<p><strong>\u2014<br \/>\n<strong>Marijuana Moment is <a href=\"https:\/\/www.marijuanamoment.net\/bills\/\" target=\"_blank\" rel=\"noopener\">tracking more than 1,500 cannabis, psychedelics and drug policy bills<\/a> in state legislatures and Congress this year. <a href=\"https:\/\/www.patreon.com\/marijuanamoment\" target=\"_blank\" rel=\"noopener\">Patreon supporters<\/a> pledging at least $25\/month get access to our interactive maps, charts and hearing calendar so they don\u2019t miss any developments.<\/strong><br \/>\n<a href=\"https:\/\/www.marijuanamoment.net\/bills\/\" target=\"_blank\" rel=\"noopener\"><img loading=\"lazy\" class=\"alignnone wp-image-9128 size-medium\" src=\"https:\/\/cannabiscultivatornews.com\/home\/wp-content\/uploads\/2022\/11\/MM_Bill_Tracker_V5_blank-67.jpg\" alt=\"\" width=\"300\" height=\"300\" \/><\/a><br \/>\n<strong>Learn more about our <a href=\"https:\/\/www.marijuanamoment.net\/bills\/\" target=\"_blank\" rel=\"noopener\">marijuana bill tracker<\/a> and become a <a href=\"https:\/\/www.patreon.com\/marijuanamoment\/\" target=\"_blank\" rel=\"noopener\">supporter on Patreon<\/a> to get access.<br \/>\n\u2014<\/strong><\/strong><\/p>\n<p>The Colombian Chamber of Representatives\u00a0<a href=\"https:\/\/www.marijuanamoment.net\/colombian-chamber-of-representatives-passes-marijuana-legalization-bill-in-initial-vote-with-support-from-cabinet-ministers\/\" target=\"_blank\" rel=\"noopener\">gave initial approval to a legalization bill<\/a> last month. In addition to Osuna, the head of the Interior Ministry also spoke in favor of the reform proposal at the time. That vote came shortly after a congressional committee\u00a0<a href=\"https:\/\/www.marijuanamoment.net\/colombian-lawmakers-approve-marijuana-legalization-bill-in-committee-as-president-pushes-for-global-drug-policy-reform\/\" target=\"_blank\" rel=\"noopener\">advanced this measure and a separate legalization bill<\/a>.<\/p>\n<p>The justice minister also\u00a0<a href=\"https:\/\/www.infobae.com\/america\/colombia\/2022\/11\/19\/politica-de-drogas-tendra-consejeria-ministro-de-justicia\/\" target=\"_blank\" rel=\"noopener\">discussed<\/a>\u00a0legislative legalization efforts at an\u00a0<a href=\"https:\/\/www.infobae.com\/america\/colombia\/2022\/11\/19\/ministerio-de-justicia-advierte-que-el-sistema-penitenciario-no-sera-privatizado\/\" target=\"_blank\" rel=\"noopener\">event<\/a>\u00a0focused on cannabis reform on Saturday, emphasizing the need to enact a policy change the promotes economic growth and public health.<\/p>\n<p>As lawmakers move to approve the reform bill, Osuna said that government agencies will be working to facilitate a \u201cfaster, less difficult\u201d licensure process.<\/p>\n<p>President Gustavo Petro, a progressive who has been strongly advocating for an international end to drug criminalization since being inaugurated in August, has discussed the possible benefits of cannabis legalization.<\/p>\n<p>In September, the president\u00a0<a href=\"https:\/\/www.marijuanamoment.net\/colombias-president-tells-un-that-democracy-will-die-if-world-leaders-dont-end-drug-war-and-pursue-different-strategy\/\" target=\"_blank\" rel=\"noopener\">delivered a speech at a meeting of the United Nations (UN)<\/a>, urging member nations to fundamentally change their approaches to drug policy and disband with prohibition.<\/p>\n<p>Petro also recently talked about\u00a0<a href=\"https:\/\/www.marijuanamoment.net\/colombias-new-president-talks-up-marijuana-legalization-freeing-prisoners-and-exporting-cannabis-to-other-countries\/\" target=\"_blank\" rel=\"noopener\">the prospects of legalizing marijuana in Colombia<\/a>\u00a0\u00a0as one means of reducing the influence of the illicit market.\u00a0And he signaled that the policy change should be followed by releasing people who are currently in prison over cannabis.<\/p>\n<p>He spoke about the economic potential of a legal cannabis industry, one where small towns in places like the Andes, Corinto and Miranda could stand to benefit from legal marijuana cultivation, possibly without any licensing requirements.<\/p>\n<p>The president also signaled that he\u2019d be interested in exploring the idea of \u200b\u200bexporting cannabis to other countries where the plant is legal.<\/p>\n<p>U.S. Rep. Jim McGovern (D-MA), who chairs the House Rules Committee,\u00a0<a href=\"https:\/\/www.marijuanamoment.net\/new-colombian-president-calls-for-end-to-war-on-drugs-earning-praise-from-top-u-s-congressman\/\" target=\"_blank\" rel=\"noopener\">cheered the official swearing in of Petro<\/a>\u00a0, saying that he looks forward to \u201cworking together to\u2026rethink drug policy, and much more.\u201d<\/p>\n<p>President Joe Biden, on the other hand, seems intent on perpetuating the drug war in Colombia, with U.S. military support. He released a\u00a0\u00a0<a href=\"https:\/\/www.whitehouse.gov\/briefing-room\/statements-releases\/2021\/08\/10\/memorandum-on-continuation-of-u-s-drug-interdiction-assistance-to-the-government-of-colombia\/\" target=\"_blank\" rel=\"noopener\">memorandum<\/a>\u00a0to the defense secretary in August that authorizes the \u201cinterdiction of aircraft reasonably suspected to be primarily engaged in illicit drug trafficking in that country\u2019s airspace.\u201d<\/p>\n<p>He said that it\u2019s \u201cnecessary because of the extraordinary threat posed by illicit drug trafficking to the national security of that country\u201d and because \u201cColombia has appropriate procedures in place to protect against innocent loss of life in the air and on the ground in connection with such interdiction, which includes effective means to identify and warn an aircraft before the use of force is directed against the aircraft.\u201d<\/p>\n<p>That said, Secretary of State Antony Blinken\u00a0<a href=\"https:\/\/www.state.gov\/secretary-antony-j-blinken-and-colombian-president-gustavo-petro-at-a-joint-press-availability\/\" target=\"_blank\" rel=\"noopener\">said<\/a>\u00a0in a joint appearance with Petro last month that the U.S. generally backs his \u201cholistic approach\u201d to drugs. The Colombian president, for his part, said that countries need to \u201cview the war on drugs differently.\u201d<\/p>\n<p>As a former member of Colombia\u2019s M-19 guerrilla group, Petro has seen the violent conflict between guerrilla fighters, narcoparamilitary groups and drug cartels that has been exacerbated by the government\u2019s aggressive approach to drug enforcement.<\/p>\n<p>According to the United Nations Office of Drug Control Policy (ONDCP), Colombia remains a chief exporter of cocaine,\u00a0\u00a0despite\u00a0\u00a0\u201cdrug supply reduction activities in Colombia, such as eradication of coca bush and destruction of laboratories.\u201d<\/p>\n<p>In 2020, Colombian legislators introduced a bill that would have regulated coca, the plant that is processed to produce cocaine, in an acknowledgment that the government\u2019s decades-long fight against the drug and its procedures have consistently failed.\u00a0That legislation cleared a committee, but it was ultimately shelved by the overall conservative legislature.<\/p>\n<p>Advocates are optimistic that such a proposal could advance under the Petro administration. The president hasn\u2019t taken a clear stance on the legislation itself, but he campaigned on legalizing marijuana and promoted the idea of \u200b\u200bcannabis as an alternative to cocaine.<\/p>\n<p>Former Colombia President Juan Manuel Santos has also been critical of the drug war and embraced reform. In an editorial published before he left office, he criticized the United Nations and U.S. President Richard Nixon for their role in setting a drug war standard that has proven ineffective at best and counterproductive at worst.<\/p>\n<p>\u201cIt is time we talk about responsible government regulation, look for ways to cut off the drug mafias\u2019 air supply, and tackle the problems of drug use with greater resources for prevention, care and harm reduction with regard to public health and the social fabric,\u201d he said.<\/p>\n<p>\u201cThis reflection must be global in scope in order to be effective,\u201d Santos, who is a member of the pro-reform Global Commission on Drug Policy, said.\u00a0\u201cIt must also be broad, including participation not only of governments but also of academia and civil society.\u00a0It must reach beyond law enforcement and judicial authorities and involve experts in public health, economists and educators, among other disciplines.\u201d<\/p>\n<p>Meanwhile, a U.S. congressional delegation\u00a0<a href=\"https:\/\/www.marijuanamoment.net\/u-s-congressional-delegation-to-colombia-talks-marijuana-legalization-and-failed-american-policies-on-drugs\/\" target=\"_blank\" rel=\"noopener\">returned from a visit to Colombia last month<\/a>, and a congressman who was part of the trip told Marijuana Moment that one theme of his discussions with officials in the country was that the world has \u201clost the war on drugs.\u201d<\/p>\n<blockquote class=\"wp-embedded-content\" data-secret=\"Wh3k8E2CeR\">\n<p><a href=\"https:\/\/www.marijuanamoment.net\/biden-cheers-oregon-for-following-his-lead-with-marijuana-pardons\/\" target=\"_blank\" rel=\"nofollow noopener\">Biden Cheers Oregon For \u2018Following\u2019 His Lead With Marijuana Pardons<\/a><\/p>\n<\/blockquote>\n<p \/>\n<p><em>Image element courtesy of <a href=\"https:\/\/www.flickr.com\/photos\/pocius\/5520507272\" target=\"_blank\" rel=\"noopener\">Bryan Pocius<\/a>.<\/em><\/p>\n<p>The post <a rel=\"nofollow noopener\" href=\"https:\/\/www.marijuanamoment.net\/colombian-senators-approve-marijuana-legalization-bill\/\" target=\"_blank\">Colombian Senators Approve Marijuana Legalization Bill<\/a> appeared first on <a rel=\"nofollow noopener\" href=\"https:\/\/www.marijuanamoment.net\" target=\"_blank\">Marijuana Moment<\/a>.<\/p>\n<p>&#013;<br \/>\n&#013;<br \/>\nRead More: <a href=\"https:\/\/www.marijuanamoment.net\/colombian-senators-approve-marijuana-legalization-bill\/\" target=\"_blank\" rel=\"nofollow noopener\">Colombian Senators Approve Marijuana Legalization Bill<\/a><\/p>\n","protected":false},"excerpt":{"rendered":"<p>A bill to legalize marijuana in Colombia has been approved in a Senate committee for the first time, weeks after it also advanced in the country\u2019s Chamber of Representatives. Lawmakers have met several times in recent weeks to debate the reform proposal, which would amend the country\u2019s Constitution to end<span class=\"more-link\"><a href=\"https:\/\/cannabiscultivatornews.com\/home\/index.php\/2022\/11\/22\/colombian-senators-approve-marijuana-legalization-bill\/\">Continue Reading<\/a><\/span><\/p>\n","protected":false},"author":458,"featured_media":58405,"comment_status":"false","ping_status":"open","sticky":false,"template":"","format":"standard","meta":[],"categories":[18,81],"tags":[],"_links":{"self":[{"href":"https:\/\/cannabiscultivatornews.com\/home\/index.php\/wp-json\/wp\/v2\/posts\/58404"}],"collection":[{"href":"https:\/\/cannabiscultivatornews.com\/home\/index.php\/wp-json\/wp\/v2\/posts"}],"about":[{"href":"https:\/\/cannabiscultivatornews.com\/home\/index.php\/wp-json\/wp\/v2\/types\/post"}],"author":[{"embeddable":true,"href":"https:\/\/cannabiscultivatornews.com\/home\/index.php\/wp-json\/wp\/v2\/users\/458"}],"replies":[{"embeddable":true,"href":"https:\/\/cannabiscultivatornews.com\/home\/index.php\/wp-json\/wp\/v2\/comments?post=58404"}],"version-history":[{"count":1,"href":"https:\/\/cannabiscultivatornews.com\/home\/index.php\/wp-json\/wp\/v2\/posts\/58404\/revisions"}],"predecessor-version":[{"id":58406,"href":"https:\/\/cannabiscultivatornews.com\/home\/index.php\/wp-json\/wp\/v2\/posts\/58404\/revisions\/58406"}],"wp:featuredmedia":[{"embeddable":true,"href":"https:\/\/cannabiscultivatornews.com\/home\/index.php\/wp-json\/wp\/v2\/media\/58405"}],"wp:attachment":[{"href":"https:\/\/cannabiscultivatornews.com\/home\/index.php\/wp-json\/wp\/v2\/media?parent=58404"}],"wp:term":[{"taxonomy":"category","embeddable":true,"href":"https:\/\/cannabiscultivatornews.com\/home\/index.php\/wp-json\/wp\/v2\/categories?post=58404"},{"taxonomy":"post_tag","embeddable":true,"href":"https:\/\/cannabiscultivatornews.com\/home\/index.php\/wp-json\/wp\/v2\/tags?post=58404"}],"curies":[{"name":"wp","href":"https:\/\/api.w.org\/{rel}","templated":true}]}}